{"id":7399,"date":"2023-05-08T19:04:10","date_gmt":"2023-05-09T00:04:10","guid":{"rendered":"http:\/\/ccplazaaventura.com\/?p=7399"},"modified":"2024-02-16T03:05:54","modified_gmt":"2024-02-16T08:05:54","slug":"dia-de-la-madre-en-plaza-aventura","status":"publish","type":"post","link":"https:\/\/ccplazaaventura.com\/index.php\/2023\/05\/08\/dia-de-la-madre-en-plaza-aventura\/","title":{"rendered":"D\u00eda de la madre en Plaza Aventura"},"content":{"rendered":"<hr \/>\n<p>Ven y celebra a esa mujer que nos dio la vida, vive el d\u00eda de las madres en\u00a0<a class=\"x1i10hfl xjbqb8w x6umtig x1b1mbwd xaqea5y xav7gou x9f619 x1ypdohk xt0psk2 xe8uvvx xdj266r x11i5rnm xat24cr x1mh8g0r xexx8yu x4uap5 x18d9i69 xkhd6sd x16tdsg8 x1hl2dhg xggy1nq x1a2a7pz _aa9_ _a6hd\" tabindex=\"0\" role=\"link\" href=\"https:\/\/www.instagram.com\/explore\/tags\/plazaaventura\/\">#PlazaAventura<\/a>\u00a0\u2728<\/p>\n<p>\u00ad<span style=\"color: #ffffff;\">[qodef_separator class_name=\u00bbhm\u00bb type=\u00bbfull-width\u00bb position=\u00bbcenter\u00bb color=\u00bbwhite\u00bb border_style=\u00bb\u00bb width=\u00bb\u00bb thickness=\u00bb\u00bb top_margin=\u00bb\u00bb bottom_margin=\u00bb\u00bb]<\/span><\/p>\n<p>Este s\u00e1bado 13 de mayo estaremos celebrando a todas las mam\u00e1s, tendremos una feria artesanal de la mano de\u00a0<a class=\"x1i10hfl xjbqb8w x6umtig x1b1mbwd xaqea5y xav7gou x9f619 x1ypdohk xt0psk2 xe8uvvx xdj266r x11i5rnm xat24cr x1mh8g0r xexx8yu x4uap5 x18d9i69 xkhd6sd x16tdsg8 x1hl2dhg xggy1nq x1a2a7pz notranslate _a6hd\" tabindex=\"0\" role=\"link\" href=\"https:\/\/www.instagram.com\/colectivoartesanosdesuba\/\">@colectivoartesanosdesuba<\/a>\u00a0y un grupo musical que nos acompa\u00f1ar\u00e1 en la tarde.<\/p>\n<p>\u00ad<span style=\"color: #ffffff;\">\u00ad[qodef_separator class_name=\u00bbhm\u00bb type=\u00bbfull-width\u00bb position=\u00bbcenter\u00bb color=\u00bbwhite\u00bb border_style=\u00bb\u00bb width=\u00bb\u00bb thickness=\u00bb\u00bb top_margin=\u00bb\u00bb bottom_margin=\u00bb\u00bb]<\/span><\/p>\n<p>\u00a1Pero la celebraci\u00f3n no acaba ah\u00ed! \ud83c\udf89<\/p>\n<p>\u00ad<span style=\"color: #ffffff;\">\u2022\u00ad[qodef_separator class_name=\u00bbhm\u00bb type=\u00bbfull-width\u00bb position=\u00bbcenter\u00bb color=\u00bbwhite\u00bb border_style=\u00bb\u00bb width=\u00bb\u00bb thickness=\u00bb\u00bb top_margin=\u00bb\u00bb bottom_margin=\u00bb\u00bb]<\/span><\/p>\n<p>Todas las mam\u00e1s que realicen compras superiores a 30.000 entre el martes 9 y el viernes 26 de mayo, en cualquiera de nuestros almacenes, participa en el sorteo de varios bonos redimibles en comercios de nuestro\u00a0<a class=\"x1i10hfl xjbqb8w x6umtig x1b1mbwd xaqea5y xav7gou x9f619 x1ypdohk xt0psk2 xe8uvvx xdj266r x11i5rnm xat24cr x1mh8g0r xexx8yu x4uap5 x18d9i69 xkhd6sd x16tdsg8 x1hl2dhg xggy1nq x1a2a7pz _aa9_ _a6hd\" tabindex=\"0\" role=\"link\" href=\"https:\/\/www.instagram.com\/explore\/tags\/centrocomercial\/\">#centrocomercial<\/a>\u00a0como: salones de belleza, ropa, maquillaje, joyer\u00edas y muchos m\u00e1s \u2728<\/p>\n<p>\u00ad<span style=\"color: #ffffff;\">\u00ad[qodef_separator class_name=\u00bbhm\u00bb type=\u00bbfull-width\u00bb position=\u00bbcenter\u00bb color=\u00bbwhite\u00bb border_style=\u00bb\u00bb width=\u00bb\u00bb thickness=\u00bb\u00bb top_margin=\u00bb\u00bb bottom_margin=\u00bb\u00bb]<\/span><\/p>\n<p>*Recuerda que debes acercarte a la oficina de administraci\u00f3n con las facturas y depositarlas en la urna. Estas deben tener nombre, c\u00e9dula, correo electr\u00f3nico y n\u00famero de contacto.<\/p>\n<p>\u00ad<span style=\"color: #ffffff;\">[qodef_separator class_name=\u00bbhm\u00bb type=\u00bbfull-width\u00bb position=\u00bbcenter\u00bb color=\u00bbwhite\u00bb border_style=\u00bb\u00bb width=\u00bb\u00bb thickness=\u00bb\u00bb top_margin=\u00bb\u00bb bottom_margin=\u00bb\u00bb]<\/span><\/p>\n<p>*El sorteo de los bonos se realizar\u00e1 el d\u00eda s\u00e1bado 27 de mayo y se contactar\u00e1 a las ganadoras para coordinar la entrega de estos.<\/p>\n<p>\u00ad\u00ad<span style=\"color: #ffffff;\">[qodef_separator class_name=\u00bbhm\u00bb type=\u00bbfull-width\u00bb position=\u00bbcenter\u00bb color=\u00bbwhite\u00bb border_style=\u00bb\u00bb width=\u00bb\u00bb thickness=\u00bb\u00bb top_margin=\u00bb\u00bb bottom_margin=\u00bb\u00bb]<\/span><\/p>\n<p><img fetchpriority=\"high\" decoding=\"async\" class=\"alignnone size-medium wp-image-7400\" src=\"http:\/\/ccplazaaventura.com\/wp-content\/uploads\/2023\/05\/D\u00eda-de-la-madre-300x300.png\" alt=\"\" width=\"300\" height=\"300\" srcset=\"https:\/\/ccplazaaventura.com\/wp-content\/uploads\/2023\/05\/D\u00eda-de-la-madre-300x300.png 300w, https:\/\/ccplazaaventura.com\/wp-content\/uploads\/2023\/05\/D\u00eda-de-la-madre-800x800.png 800w, https:\/\/ccplazaaventura.com\/wp-content\/uploads\/2023\/05\/D\u00eda-de-la-madre-150x150.png 150w, https:\/\/ccplazaaventura.com\/wp-content\/uploads\/2023\/05\/D\u00eda-de-la-madre-768x768.png 768w, https:\/\/ccplazaaventura.com\/wp-content\/uploads\/2023\/05\/D\u00eda-de-la-madre-1024x1024.png 1024w, https:\/\/ccplazaaventura.com\/wp-content\/uploads\/2023\/05\/D\u00eda-de-la-madre-600x600.png 600w, https:\/\/ccplazaaventura.com\/wp-content\/uploads\/2023\/05\/D\u00eda-de-la-madre-160x160.png 160w, https:\/\/ccplazaaventura.com\/wp-content\/uploads\/2023\/05\/D\u00eda-de-la-madre-550x550.png 550w, https:\/\/ccplazaaventura.com\/wp-content\/uploads\/2023\/05\/D\u00eda-de-la-madre-1000x1000.png 1000w, https:\/\/ccplazaaventura.com\/wp-content\/uploads\/2023\/05\/D\u00eda-de-la-madre.png 1080w\" sizes=\"(max-width:767px) 300px, 300px\" \/><\/p>\n<p>\u00ad<span style=\"color: #ffffff;\">[qodef_separator class_name=\u00bbhm\u00bb type=\u00bbfull-width\u00bb position=\u00bbcenter\u00bb color=\u00bbwhite\u00bb border_style=\u00bb\u00bb width=\u00bb\u00bb thickness=\u00bb\u00bb top_margin=\u00bb\u00bb bottom_margin=\u00bb\u00bb]<\/span><\/p>\n<hr \/>\n<p>&nbsp;<\/p>\n","protected":false},"excerpt":{"rendered":"<p>Ven y celebra a esa mujer que nos dio la vida, vive el d\u00eda de las madres en\u00a0#PlazaAventura\u00a0\u2728 \u00ad[qodef_separator class_name=\u00bbhm\u00bb type=\u00bbfull-width\u00bb position=\u00bbcenter\u00bb color=\u00bbwhite\u00bb border_style=\u00bb\u00bb width=\u00bb\u00bb thickness=\u00bb\u00bb<span class=\"excerpt-hellip\"> [\u2026]<\/span><\/p>\n","protected":false},"author":2,"featured_media":7403,"comment_status":"open","ping_status":"open","sticky":false,"template":"","format":"standard","meta":{"footnotes":"","_joinchat":[]},"categories":[370],"tags":[],"_links":{"self":[{"href":"https:\/\/ccplazaaventura.com\/index.php\/wp-json\/wp\/v2\/posts\/7399"}],"collection":[{"href":"https:\/\/ccplazaaventura.com\/index.php\/wp-json\/wp\/v2\/posts"}],"about":[{"href":"https:\/\/ccplazaaventura.com\/index.php\/wp-json\/wp\/v2\/types\/post"}],"author":[{"embeddable":true,"href":"https:\/\/ccplazaaventura.com\/index.php\/wp-json\/wp\/v2\/users\/2"}],"replies":[{"embeddable":true,"href":"https:\/\/ccplazaaventura.com\/index.php\/wp-json\/wp\/v2\/comments?post=7399"}],"version-history":[{"count":3,"href":"https:\/\/ccplazaaventura.com\/index.php\/wp-json\/wp\/v2\/posts\/7399\/revisions"}],"predecessor-version":[{"id":7407,"href":"https:\/\/ccplazaaventura.com\/index.php\/wp-json\/wp\/v2\/posts\/7399\/revisions\/7407"}],"wp:featuredmedia":[{"embeddable":true,"href":"https:\/\/ccplazaaventura.com\/index.php\/wp-json\/wp\/v2\/media\/7403"}],"wp:attachment":[{"href":"https:\/\/ccplazaaventura.com\/index.php\/wp-json\/wp\/v2\/media?parent=7399"}],"wp:term":[{"taxonomy":"category","embeddable":true,"href":"https:\/\/ccplazaaventura.com\/index.php\/wp-json\/wp\/v2\/categories?post=7399"},{"taxonomy":"post_tag","embeddable":true,"href":"https:\/\/ccplazaaventura.com\/index.php\/wp-json\/wp\/v2\/tags?post=7399"}],"curies":[{"name":"wp","href":"https:\/\/api.w.org\/{rel}","templated":true}]}}