{"id":7319,"date":"2023-02-25T10:14:59","date_gmt":"2023-02-25T15:14:59","guid":{"rendered":"http:\/\/ccplazaaventura.com\/?p=7319"},"modified":"2024-02-16T03:05:59","modified_gmt":"2024-02-16T08:05:59","slug":"asi-se-vivio-nuestra-gran-feria-de-vehiculos","status":"publish","type":"post","link":"https:\/\/ccplazaaventura.com\/index.php\/2023\/02\/25\/asi-se-vivio-nuestra-gran-feria-de-vehiculos\/","title":{"rendered":"As\u00ed se vivi\u00f3 nuestra gran feria de veh\u00edculos"},"content":{"rendered":"<p>El pasado 10, 11 y 12 de febrero, en nuestro centro comercial, tuvimos una gran feria de veh\u00edculos donde los asistentes pudieron ver de primera mano los carros de nuestros tres concesionarios: InterAutomovil, CMAutomoviles y CarTech.<\/p>\n<p>&nbsp;<\/p>\n<p>Much\u00edsimas gracias por participar de la Gran Feria de Veh\u00edculos y esperamos que nos sigan acompa\u00f1ando en los diferentes eventos que tendremos a lo largo del a\u00f1o.<\/p>\n<p>&nbsp;<\/p>\n\n\t\t\t<style type='text\/css'>\n\t\t\t\t#sc_gallery-1 {\n\t\t\t\t\tmargin: auto;\n\t\t\t\t}\n\t\t\t\t#sc_gallery-1 .gallery-item {\n\t\t\t\t\tfloat: left;\n\t\t\t\t\ttext-align: center;\n\t\t\t\t\twidth: 33.33%;\n\t\t\t\t}\n\t\t\t\t#sc_gallery-1 img {\n\t\t\t\t\tborder: 2px solid #cfcfcf;\n\t\t\t\t}\n\t\t\t\t\/* see sc_gallery() in functions\/theme-shortcodes.php *\/\n\t\t\t<\/style>\n\t\t<div id='sc_gallery-1' class='gallery element_classes galleryid-7319 gallery-columns-3 gallery-size-medium  gallery-default'><dl class='gallery-item' data-title='IMG_20230211_134626593' data-description=''><div class='gallery-item-wrapper'>\n\t\t\t\t<dt class='gallery-icon landscape'>\n\t\t\t\t\t<a href='https:\/\/ccplazaaventura.com\/index.php\/2023\/02\/25\/asi-se-vivio-nuestra-gran-feria-de-vehiculos\/img_20230211_134626593\/'><img fetchpriority=\"high\" decoding=\"async\" width=\"300\" height=\"225\" src=\"https:\/\/ccplazaaventura.com\/wp-content\/uploads\/2023\/02\/IMG_20230211_134626593-300x225.jpg\" class=\"attachment-medium size-medium\" alt=\"\" srcset=\"https:\/\/ccplazaaventura.com\/wp-content\/uploads\/2023\/02\/IMG_20230211_134626593-300x225.jpg 300w, https:\/\/ccplazaaventura.com\/wp-content\/uploads\/2023\/02\/IMG_20230211_134626593-800x600.jpg 800w, https:\/\/ccplazaaventura.com\/wp-content\/uploads\/2023\/02\/IMG_20230211_134626593-768x576.jpg 768w, https:\/\/ccplazaaventura.com\/wp-content\/uploads\/2023\/02\/IMG_20230211_134626593-1024x768.jpg 1024w, https:\/\/ccplazaaventura.com\/wp-content\/uploads\/2023\/02\/IMG_20230211_134626593-600x450.jpg 600w, https:\/\/ccplazaaventura.com\/wp-content\/uploads\/2023\/02\/IMG_20230211_134626593-213x160.jpg 213w\" sizes=\"(max-width:767px) 300px, 300px\" \/><\/a>\n\t\t\t\t<\/dt><\/div><\/dl><dl class='gallery-item' data-title='IMG_20230211_134629605' data-description=''><div class='gallery-item-wrapper'>\n\t\t\t\t<dt class='gallery-icon landscape'>\n\t\t\t\t\t<a href='https:\/\/ccplazaaventura.com\/index.php\/2023\/02\/25\/asi-se-vivio-nuestra-gran-feria-de-vehiculos\/img_20230211_134629605\/'><img decoding=\"async\" width=\"300\" height=\"225\" src=\"https:\/\/ccplazaaventura.com\/wp-content\/uploads\/2023\/02\/IMG_20230211_134629605-300x225.jpg\" class=\"attachment-medium size-medium\" alt=\"\" srcset=\"https:\/\/ccplazaaventura.com\/wp-content\/uploads\/2023\/02\/IMG_20230211_134629605-300x225.jpg 300w, https:\/\/ccplazaaventura.com\/wp-content\/uploads\/2023\/02\/IMG_20230211_134629605-800x600.jpg 800w, https:\/\/ccplazaaventura.com\/wp-content\/uploads\/2023\/02\/IMG_20230211_134629605-768x576.jpg 768w, https:\/\/ccplazaaventura.com\/wp-content\/uploads\/2023\/02\/IMG_20230211_134629605-1024x768.jpg 1024w, https:\/\/ccplazaaventura.com\/wp-content\/uploads\/2023\/02\/IMG_20230211_134629605-600x450.jpg 600w, https:\/\/ccplazaaventura.com\/wp-content\/uploads\/2023\/02\/IMG_20230211_134629605-213x160.jpg 213w\" sizes=\"(max-width:767px) 300px, 300px\" \/><\/a>\n\t\t\t\t<\/dt><\/div><\/dl><dl class='gallery-item' data-title='IMG_20230211_134633074' data-description=''><div class='gallery-item-wrapper'>\n\t\t\t\t<dt class='gallery-icon landscape'>\n\t\t\t\t\t<a href='https:\/\/ccplazaaventura.com\/index.php\/2023\/02\/25\/asi-se-vivio-nuestra-gran-feria-de-vehiculos\/img_20230211_134633074\/'><img decoding=\"async\" width=\"300\" height=\"225\" src=\"https:\/\/ccplazaaventura.com\/wp-content\/uploads\/2023\/02\/IMG_20230211_134633074-300x225.jpg\" class=\"attachment-medium size-medium\" alt=\"\" srcset=\"https:\/\/ccplazaaventura.com\/wp-content\/uploads\/2023\/02\/IMG_20230211_134633074-300x225.jpg 300w, https:\/\/ccplazaaventura.com\/wp-content\/uploads\/2023\/02\/IMG_20230211_134633074-800x600.jpg 800w, https:\/\/ccplazaaventura.com\/wp-content\/uploads\/2023\/02\/IMG_20230211_134633074-768x576.jpg 768w, https:\/\/ccplazaaventura.com\/wp-content\/uploads\/2023\/02\/IMG_20230211_134633074-1024x768.jpg 1024w, https:\/\/ccplazaaventura.com\/wp-content\/uploads\/2023\/02\/IMG_20230211_134633074-600x450.jpg 600w, https:\/\/ccplazaaventura.com\/wp-content\/uploads\/2023\/02\/IMG_20230211_134633074-213x160.jpg 213w\" sizes=\"(max-width:767px) 300px, 300px\" \/><\/a>\n\t\t\t\t<\/dt><\/div><\/dl><br style=\"clear: both\" \/><dl class='gallery-item' data-title='IMG_20230211_134937261' data-description=''><div class='gallery-item-wrapper'>\n\t\t\t\t<dt class='gallery-icon portrait'>\n\t\t\t\t\t<a href='https:\/\/ccplazaaventura.com\/index.php\/2023\/02\/25\/asi-se-vivio-nuestra-gran-feria-de-vehiculos\/img_20230211_134937261\/'><img loading=\"lazy\" decoding=\"async\" width=\"300\" height=\"225\" src=\"https:\/\/ccplazaaventura.com\/wp-content\/uploads\/2023\/02\/IMG_20230211_134937261-300x225.jpg\" class=\"attachment-medium size-medium\" alt=\"\" srcset=\"https:\/\/ccplazaaventura.com\/wp-content\/uploads\/2023\/02\/IMG_20230211_134937261-300x225.jpg 300w, https:\/\/ccplazaaventura.com\/wp-content\/uploads\/2023\/02\/IMG_20230211_134937261-768x576.jpg 768w, https:\/\/ccplazaaventura.com\/wp-content\/uploads\/2023\/02\/IMG_20230211_134937261-1024x768.jpg 1024w, https:\/\/ccplazaaventura.com\/wp-content\/uploads\/2023\/02\/IMG_20230211_134937261-600x450.jpg 600w, https:\/\/ccplazaaventura.com\/wp-content\/uploads\/2023\/02\/IMG_20230211_134937261-213x160.jpg 213w, https:\/\/ccplazaaventura.com\/wp-content\/uploads\/2023\/02\/IMG_20230211_134937261-800x600.jpg 800w\" sizes=\"(max-width:767px) 300px, 300px\" \/><\/a>\n\t\t\t\t<\/dt><\/div><\/dl><dl class='gallery-item' data-title='IMG_20230211_134732548' data-description=''><div class='gallery-item-wrapper'>\n\t\t\t\t<dt class='gallery-icon portrait'>\n\t\t\t\t\t<a href='https:\/\/ccplazaaventura.com\/index.php\/2023\/02\/25\/asi-se-vivio-nuestra-gran-feria-de-vehiculos\/img_20230211_134732548\/'><img loading=\"lazy\" decoding=\"async\" width=\"300\" height=\"225\" src=\"https:\/\/ccplazaaventura.com\/wp-content\/uploads\/2023\/02\/IMG_20230211_134732548-300x225.jpg\" class=\"attachment-medium size-medium\" alt=\"\" srcset=\"https:\/\/ccplazaaventura.com\/wp-content\/uploads\/2023\/02\/IMG_20230211_134732548-300x225.jpg 300w, https:\/\/ccplazaaventura.com\/wp-content\/uploads\/2023\/02\/IMG_20230211_134732548-768x576.jpg 768w, https:\/\/ccplazaaventura.com\/wp-content\/uploads\/2023\/02\/IMG_20230211_134732548-1024x768.jpg 1024w, https:\/\/ccplazaaventura.com\/wp-content\/uploads\/2023\/02\/IMG_20230211_134732548-600x450.jpg 600w, https:\/\/ccplazaaventura.com\/wp-content\/uploads\/2023\/02\/IMG_20230211_134732548-213x160.jpg 213w, https:\/\/ccplazaaventura.com\/wp-content\/uploads\/2023\/02\/IMG_20230211_134732548-800x600.jpg 800w\" sizes=\"(max-width:767px) 300px, 300px\" \/><\/a>\n\t\t\t\t<\/dt><\/div><\/dl><dl class='gallery-item' data-title='IMG_20230211_120352042' data-description=''><div class='gallery-item-wrapper'>\n\t\t\t\t<dt class='gallery-icon portrait'>\n\t\t\t\t\t<a href='https:\/\/ccplazaaventura.com\/index.php\/2023\/02\/25\/asi-se-vivio-nuestra-gran-feria-de-vehiculos\/img_20230211_120352042\/'><img loading=\"lazy\" decoding=\"async\" width=\"300\" height=\"225\" src=\"https:\/\/ccplazaaventura.com\/wp-content\/uploads\/2023\/02\/IMG_20230211_120352042-300x225.jpg\" class=\"attachment-medium size-medium\" alt=\"\" srcset=\"https:\/\/ccplazaaventura.com\/wp-content\/uploads\/2023\/02\/IMG_20230211_120352042-300x225.jpg 300w, https:\/\/ccplazaaventura.com\/wp-content\/uploads\/2023\/02\/IMG_20230211_120352042-768x576.jpg 768w, https:\/\/ccplazaaventura.com\/wp-content\/uploads\/2023\/02\/IMG_20230211_120352042-1024x768.jpg 1024w, https:\/\/ccplazaaventura.com\/wp-content\/uploads\/2023\/02\/IMG_20230211_120352042-600x450.jpg 600w, https:\/\/ccplazaaventura.com\/wp-content\/uploads\/2023\/02\/IMG_20230211_120352042-213x160.jpg 213w, https:\/\/ccplazaaventura.com\/wp-content\/uploads\/2023\/02\/IMG_20230211_120352042-800x600.jpg 800w\" sizes=\"(max-width:767px) 300px, 300px\" \/><\/a>\n\t\t\t\t<\/dt><\/div><\/dl><br style=\"clear: both\" \/><dl class='gallery-item' data-title='IMG_20230211_120214730' data-description=''><div class='gallery-item-wrapper'>\n\t\t\t\t<dt class='gallery-icon portrait'>\n\t\t\t\t\t<a href='https:\/\/ccplazaaventura.com\/index.php\/2023\/02\/25\/asi-se-vivio-nuestra-gran-feria-de-vehiculos\/img_20230211_120214730\/'><img loading=\"lazy\" decoding=\"async\" width=\"300\" height=\"225\" src=\"https:\/\/ccplazaaventura.com\/wp-content\/uploads\/2023\/02\/IMG_20230211_120214730-300x225.jpg\" class=\"attachment-medium size-medium\" alt=\"\" srcset=\"https:\/\/ccplazaaventura.com\/wp-content\/uploads\/2023\/02\/IMG_20230211_120214730-300x225.jpg 300w, https:\/\/ccplazaaventura.com\/wp-content\/uploads\/2023\/02\/IMG_20230211_120214730-768x576.jpg 768w, https:\/\/ccplazaaventura.com\/wp-content\/uploads\/2023\/02\/IMG_20230211_120214730-1024x768.jpg 1024w, https:\/\/ccplazaaventura.com\/wp-content\/uploads\/2023\/02\/IMG_20230211_120214730-600x450.jpg 600w, https:\/\/ccplazaaventura.com\/wp-content\/uploads\/2023\/02\/IMG_20230211_120214730-213x160.jpg 213w, https:\/\/ccplazaaventura.com\/wp-content\/uploads\/2023\/02\/IMG_20230211_120214730-800x600.jpg 800w\" sizes=\"(max-width:767px) 300px, 300px\" \/><\/a>\n\t\t\t\t<\/dt><\/div><\/dl><dl class='gallery-item' data-title='IMG_20230211_120140018' data-description=''><div class='gallery-item-wrapper'>\n\t\t\t\t<dt class='gallery-icon landscape'>\n\t\t\t\t\t<a href='https:\/\/ccplazaaventura.com\/index.php\/2023\/02\/25\/asi-se-vivio-nuestra-gran-feria-de-vehiculos\/img_20230211_120140018\/'><img loading=\"lazy\" decoding=\"async\" width=\"300\" height=\"225\" src=\"https:\/\/ccplazaaventura.com\/wp-content\/uploads\/2023\/02\/IMG_20230211_120140018-300x225.jpg\" class=\"attachment-medium size-medium\" alt=\"\" srcset=\"https:\/\/ccplazaaventura.com\/wp-content\/uploads\/2023\/02\/IMG_20230211_120140018-300x225.jpg 300w, https:\/\/ccplazaaventura.com\/wp-content\/uploads\/2023\/02\/IMG_20230211_120140018-800x600.jpg 800w, https:\/\/ccplazaaventura.com\/wp-content\/uploads\/2023\/02\/IMG_20230211_120140018-768x576.jpg 768w, https:\/\/ccplazaaventura.com\/wp-content\/uploads\/2023\/02\/IMG_20230211_120140018-1024x768.jpg 1024w, https:\/\/ccplazaaventura.com\/wp-content\/uploads\/2023\/02\/IMG_20230211_120140018-600x450.jpg 600w, https:\/\/ccplazaaventura.com\/wp-content\/uploads\/2023\/02\/IMG_20230211_120140018-213x160.jpg 213w\" sizes=\"(max-width:767px) 300px, 300px\" \/><\/a>\n\t\t\t\t<\/dt><\/div><\/dl>\n\t\t\t\t<br style='clear: both' \/>\n\t\t\t<\/div>\n\n","protected":false},"excerpt":{"rendered":"<p>El pasado 10, 11 y 12 de febrero, en nuestro centro comercial, tuvimos una gran feria de veh\u00edculos donde los asistentes pudieron ver de primera mano<span class=\"excerpt-hellip\"> [\u2026]<\/span><\/p>\n","protected":false},"author":2,"featured_media":7328,"comment_status":"open","ping_status":"open","sticky":false,"template":"","format":"standard","meta":{"footnotes":"","_joinchat":[]},"categories":[370],"tags":[355,356,359,362,342,364,366,365,357,358,360],"_links":{"self":[{"href":"https:\/\/ccplazaaventura.com\/index.php\/wp-json\/wp\/v2\/posts\/7319"}],"collection":[{"href":"https:\/\/ccplazaaventura.com\/index.php\/wp-json\/wp\/v2\/posts"}],"about":[{"href":"https:\/\/ccplazaaventura.com\/index.php\/wp-json\/wp\/v2\/types\/post"}],"author":[{"embeddable":true,"href":"https:\/\/ccplazaaventura.com\/index.php\/wp-json\/wp\/v2\/users\/2"}],"replies":[{"embeddable":true,"href":"https:\/\/ccplazaaventura.com\/index.php\/wp-json\/wp\/v2\/comments?post=7319"}],"version-history":[{"count":1,"href":"https:\/\/ccplazaaventura.com\/index.php\/wp-json\/wp\/v2\/posts\/7319\/revisions"}],"predecessor-version":[{"id":7348,"href":"https:\/\/ccplazaaventura.com\/index.php\/wp-json\/wp\/v2\/posts\/7319\/revisions\/7348"}],"wp:featuredmedia":[{"embeddable":true,"href":"https:\/\/ccplazaaventura.com\/index.php\/wp-json\/wp\/v2\/media\/7328"}],"wp:attachment":[{"href":"https:\/\/ccplazaaventura.com\/index.php\/wp-json\/wp\/v2\/media?parent=7319"}],"wp:term":[{"taxonomy":"category","embeddable":true,"href":"https:\/\/ccplazaaventura.com\/index.php\/wp-json\/wp\/v2\/categories?post=7319"},{"taxonomy":"post_tag","embeddable":true,"href":"https:\/\/ccplazaaventura.com\/index.php\/wp-json\/wp\/v2\/tags?post=7319"}],"curies":[{"name":"wp","href":"https:\/\/api.w.org\/{rel}","templated":true}]}}